{"id":13287,"date":"2025-06-12T16:36:01","date_gmt":"2025-06-12T14:36:01","guid":{"rendered":"https:\/\/www.lasalmasgroup.com\/?p=13287"},"modified":"2026-04-06T18:20:30","modified_gmt":"2026-04-06T16:20:30","slug":"integrative-therapie","status":"publish","type":"post","link":"https:\/\/www.lasalmasgroup.com\/es\/integrative-therapie\/","title":{"rendered":"Terapia integrativa"},"content":{"rendered":"<div data-elementor-type=\"wp-post\" data-elementor-id=\"13287\" class=\"elementor elementor-13287\" data-elementor-post-type=\"post\">\n\t\t\t\t        <section class=\"elementor-section elementor-top-section elementor-element elementor-element-7a7356c0 elementor-section-boxed elementor-section-height-default elementor-section-height-default pxl-row-scroll-none pxl-zoom-point-false pxl-section-overflow-visible\" data-id=\"7a7356c0\" data-element_type=\"section\" data-e-type=\"section\">\n\n                \n                <div class=\"elementor-container elementor-column-gap-default\">\n                <div class=\"elementor-column elementor-col-100 elementor-top-column elementor-element elementor-element-18941f31 pxl-column-none pxl-column-overflow-hidden-no\" data-id=\"18941f31\" data-element_type=\"column\" data-e-type=\"column\">\r\n        <div class=\"elementor-widget-wrap elementor-element-populated\">\r\n                     \r\n        \t\t<div class=\"elementor-element elementor-element-6fb7f6d elementor-widget elementor-widget-video\" data-id=\"6fb7f6d\" data-element_type=\"widget\" data-e-type=\"widget\" data-settings=\"{&quot;video_type&quot;:&quot;hosted&quot;}\" data-widget_type=\"video.default\">\n\t\t\t\t<div class=\"elementor-widget-container\">\n\t\t\t\t\t\t\t<div class=\"e-hosted-video elementor-wrapper elementor-open-inline\">\n\t\t\t\t\t<video class=\"elementor-video\" src=\"https:\/\/www.lasalmasgroup.com\/wp-content\/uploads\/2025\/05\/SandraGebistorf.mp4\" preload=\"metadata\" controlslist=\"nodownload\"><\/video>\n\t\t\t\t<\/div>\n\t\t\t\t\t\t<\/div>\n\t\t\t\t<\/div>\n\t\t\t\t<div class=\"elementor-element elementor-element-1fe6378c elementor-widget elementor-widget-text-editor\" data-id=\"1fe6378c\" data-element_type=\"widget\" data-e-type=\"widget\" data-widget_type=\"text-editor.default\">\n\t\t\t\t<div class=\"elementor-widget-container\">\n\t\t\t\t\t\t\t\t\t\n<p><strong>Terapia integrativa: personal. Hol\u00edstica. Efectiva.<\/strong><\/p>\n\n<p>El\u00a0<strong>terapia integrativa<\/strong>\u00a0en\u00a0<strong>Las Almas<\/strong>\u00a0Se basa en una comprensi\u00f3n moderna y cient\u00edficamente s\u00f3lida de la salud mental. Combinamos psicolog\u00eda profunda, terapia conductual, enfoques sist\u00e9micos y corporales para crear un concepto terap\u00e9utico personalizado, siempre adaptado a su situaci\u00f3n vital, s\u00edntomas y objetivos.<\/p>\n\n<p>Nos centramos en la persona en su totalidad: su biograf\u00eda, su cuerpo, su sistema nervioso y su procesamiento emocional. Nuestro proceso terap\u00e9utico es dial\u00f3gico, se basa en recursos y se centra en el cambio sostenible.<\/p>\n\n<p><strong>Interconectado con las unidades de Las Almas<\/strong><\/p>\n\n<p>Nuestra terapia se complementa espec\u00edficamente con unidades especializadas que se refuerzan entre s\u00ed:<\/p>\n\n<ul class=\"wp-block-list\">\n<li><strong>Diagn\u00f3stico m\u00e9dico<\/strong>\u00a0\u2013 para aclarar las causas som\u00e1ticas, registrando los par\u00e1metros de estr\u00e9s y las quejas funcionales<\/li>\n\n<li><strong>Neuroterapia<\/strong>\u00a0\u2013 por ejemplo, a trav\u00e9s del neurofeedback o la rTMS para promover espec\u00edficamente la autorregulaci\u00f3n emocional y cognitiva<\/li>\n\n<li><strong>Terapia del trauma<\/strong>\u00a0\u2013 orientado al cuerpo y al apego, si se desea con EMDR, SE u otros m\u00e9todos especializados<\/li>\n\n<li><strong>Terapia corporal integrativa<\/strong>\u00a0\u2013 para procesar experiencias almacenadas f\u00edsicamente, tensiones y estr\u00e9s cr\u00f3nico<\/li>\n\n<li><strong>Entrenamiento de biorretroalimentaci\u00f3n<\/strong>\u00a0\u2013 para el control activo de procesos vegetativos como la respiraci\u00f3n, la frecuencia card\u00edaca o el tono muscular<\/li>\n\n<li><strong>Terapia de naturaleza y movimiento consciente<\/strong>\u00a0\u2013 reactivar los recursos internos a trav\u00e9s de la conexi\u00f3n a tierra, la presencia y la conexi\u00f3n con el entorno<\/li>\n\n<li><strong>T\u00e9cnicas de relajaci\u00f3n y regulaci\u00f3n del sue\u00f1o<\/strong>\u00a0\u2013 en caso de trastornos relacionados con el estr\u00e9s, agotamiento o molestias psicosom\u00e1ticas<\/li>\n<\/ul>\n\n<p><strong>Adaptado individualmente y con respaldo cient\u00edfico<\/strong><\/p>\n\n<p>Nuestros terapeutas y especialistas trabajan de forma interdisciplinaria para desarrollar un plan de tratamiento personalizado. El objetivo: una estabilizaci\u00f3n emocional sostenible, la recuperaci\u00f3n del autocontrol psicol\u00f3gico y el retorno a una vida con autonom\u00eda.<\/p>\n\n<p><strong>Las Almas<\/strong> Representa la terapia intensiva consciente a un alto nivel profesional, en un entorno protegido que fortalece los recursos en Mallorca, Viena, Berl\u00edn (a partir de 2026) y otros lugares.<\/p>\n\t\t\t\t\t\t\t\t<\/div>\n\t\t\t\t<\/div>\n\t\t            <\/div>\r\n        <\/div>\r\n        \t\t\t<\/div>\n\t\t<\/section>\n\t\t        <section class=\"elementor-section elementor-top-section elementor-element elementor-element-bb42457 elementor-section-boxed elementor-section-height-default elementor-section-height-default pxl-row-scroll-none pxl-zoom-point-false pxl-section-overflow-visible\" data-id=\"bb42457\" data-element_type=\"section\" data-e-type=\"section\">\n\n                \n                <div class=\"elementor-container elementor-column-gap-default\">\n                <div class=\"elementor-column elementor-col-100 elementor-top-column elementor-element elementor-element-4b7bd8c pxl-column-none pxl-column-overflow-hidden-no\" data-id=\"4b7bd8c\" data-element_type=\"column\" data-e-type=\"column\">\r\n        <div class=\"elementor-widget-wrap\">\r\n                     \r\n                    <\/div>\r\n        <\/div>\r\n        \t\t\t<\/div>\n\t\t<\/section>\n\t\t\t\t<\/div>","protected":false},"excerpt":{"rendered":"<p>La terapia integrativa es un m\u00e9todo terap\u00e9utico hol\u00edstico que combina de forma flexible diversos enfoques terap\u00e9uticos para abordar las necesidades individuales del paciente. El objetivo es promover la sanaci\u00f3n y el desarrollo a nivel emocional, cognitivo y f\u00edsico, mejorando as\u00ed el sufrimiento mental de forma sostenible.<\/p>","protected":false},"author":17,"featured_media":12390,"comment_status":"open","ping_status":"open","sticky":false,"template":"","format":"standard","meta":{"footnotes":""},"categories":[66,65],"tags":[],"class_list":["post-13287","post","type-post","status-publish","format-standard","has-post-thumbnail","hentry","category-krankheitsbilder","category-therapien"],"_links":{"self":[{"href":"https:\/\/www.lasalmasgroup.com\/es\/wp-json\/wp\/v2\/posts\/13287","targetHints":{"allow":["GET"]}}],"collection":[{"href":"https:\/\/www.lasalmasgroup.com\/es\/wp-json\/wp\/v2\/posts"}],"about":[{"href":"https:\/\/www.lasalmasgroup.com\/es\/wp-json\/wp\/v2\/types\/post"}],"author":[{"embeddable":true,"href":"https:\/\/www.lasalmasgroup.com\/es\/wp-json\/wp\/v2\/users\/17"}],"replies":[{"embeddable":true,"href":"https:\/\/www.lasalmasgroup.com\/es\/wp-json\/wp\/v2\/comments?post=13287"}],"version-history":[{"count":3,"href":"https:\/\/www.lasalmasgroup.com\/es\/wp-json\/wp\/v2\/posts\/13287\/revisions"}],"predecessor-version":[{"id":14985,"href":"https:\/\/www.lasalmasgroup.com\/es\/wp-json\/wp\/v2\/posts\/13287\/revisions\/14985"}],"wp:featuredmedia":[{"embeddable":true,"href":"https:\/\/www.lasalmasgroup.com\/es\/wp-json\/wp\/v2\/media\/12390"}],"wp:attachment":[{"href":"https:\/\/www.lasalmasgroup.com\/es\/wp-json\/wp\/v2\/media?parent=13287"}],"wp:term":[{"taxonomy":"category","embeddable":true,"href":"https:\/\/www.lasalmasgroup.com\/es\/wp-json\/wp\/v2\/categories?post=13287"},{"taxonomy":"post_tag","embeddable":true,"href":"https:\/\/www.lasalmasgroup.com\/es\/wp-json\/wp\/v2\/tags?post=13287"}],"curies":[{"name":"wp","href":"https:\/\/api.w.org\/{rel}","templated":true}]}}