{"id":11124,"date":"2024-12-04T09:02:56","date_gmt":"2024-12-04T08:02:56","guid":{"rendered":"http:\/\/www.lasalmasgroup.com\/erfolgreiche-neuorientierung-coaching-fuer-unternehmer\/"},"modified":"2026-04-06T18:20:50","modified_gmt":"2026-04-06T16:20:50","slug":"schlafstoerungen-ursachen-diagnostik-und-behandlung-im-almas-institut","status":"publish","type":"post","link":"https:\/\/www.lasalmasgroup.com\/es\/schlafstoerungen-ursachen-diagnostik-und-behandlung-im-almas-institut\/","title":{"rendered":"Trastornos del sue\u00f1o: causas, diagn\u00f3stico y tratamiento en el Instituto Las Almas"},"content":{"rendered":"<h1>Trastornos del sue\u00f1o: un enfoque integral para el diagn\u00f3stico y el tratamiento<\/h1>\n<p>Los trastornos del sue\u00f1o son un problema generalizado que no se produce exclusivamente en el contexto de enfermedades mentales como la depresi\u00f3n y los trastornos de ansiedad. M\u00e1s bien, pueden ser provocados por una variedad de factores, incluidas las pausas respiratorias nocturnas, conocidas m\u00e9dicamente como s\u00edndrome de apnea del sue\u00f1o. Estas pausas respiratorias pueden provocar irritabilidad y dificultad para concentrarse y aumentar significativamente el riesgo de sufrir presi\u00f3n arterial alta, ataque card\u00edaco, accidente cerebrovascular y disfunci\u00f3n er\u00e9ctil.<\/p>\n<h2>La importancia de un sue\u00f1o saludable<\/h2>\n<p>Un sue\u00f1o saludable es fundamental para el bienestar y la salud general. Los trastornos del sue\u00f1o pueden perjudicar significativamente la calidad de vida y provocar graves problemas de salud. Por lo tanto, es esencial identificar las causas de los trastornos del sue\u00f1o y tratarlos espec\u00edficamente.<\/p>\n<h2>Diagn\u00f3stico en el Instituto Las Almas<\/h2>\n<p>En el Instituto Almas, el primer paso para tratar los trastornos del sue\u00f1o es un diagn\u00f3stico integral. Para este fin se utiliza un laboratorio del sue\u00f1o m\u00f3vil. Los pacientes reciben un reloj de pulsera de alta tecnolog\u00eda que pueden usar en casa. Este dispositivo de medici\u00f3n registra la actividad del sue\u00f1o, la actividad luminosa, la actividad de vigilia y otros datos relevantes. Esta informaci\u00f3n es crucial para conocer todos los par\u00e1metros necesarios antes de iniciar el tratamiento.<\/p>\n<h2>Espectro terap\u00e9utico en el Instituto Almas<\/h2>\n<p>El Instituto Almas ofrece una amplia gama de opciones terap\u00e9uticas para el tratamiento de los trastornos del sue\u00f1o. Estos incluyen t\u00e9cnicas de relajaci\u00f3n, biorretroalimentaci\u00f3n HRV, neurofeedback y estimulaci\u00f3n magn\u00e9tica transcraneal repetitiva. Estos m\u00e9todos est\u00e1n dise\u00f1ados para mejorar la calidad del sue\u00f1o y tratar las causas subyacentes de los trastornos del sue\u00f1o.<\/p>\n<h3>T\u00e9cnicas de relajaci\u00f3n<\/h3>\n<p>Las t\u00e9cnicas de relajaci\u00f3n son una parte esencial de la terapia en el Instituto Almas. Ayudan a reducir el estr\u00e9s y mejorar la calidad del sue\u00f1o. Las t\u00e9cnicas de relajaci\u00f3n m\u00e1s comunes incluyen la relajaci\u00f3n muscular progresiva, el entrenamiento aut\u00f3geno y la meditaci\u00f3n.<\/p>\n<h3>Biorretroalimentaci\u00f3n de la variabilidad del ritmo card\u00edaco<\/h3>\n<p>El biofeedback HRV es una t\u00e9cnica destinada a mejorar la variabilidad de la frecuencia card\u00edaca. Una mayor variabilidad de la frecuencia card\u00edaca es un indicador de un sistema nervioso aut\u00f3nomo saludable y puede contribuir a una mejor calidad del sue\u00f1o.<\/p>\n<h3>Neurofeedback<\/h3>\n<p>El neurofeedback es un m\u00e9todo que tiene como objetivo regular la actividad cerebral. Al entrenar ciertos patrones de ondas cerebrales, se puede mejorar la calidad del sue\u00f1o y reducir los trastornos del sue\u00f1o.<\/p>\n<h3>Estimulaci\u00f3n magn\u00e9tica transcraneal repetitiva<\/h3>\n<p>La estimulaci\u00f3n magn\u00e9tica transcraneal repetitiva es un m\u00e9todo no invasivo utilizado para tratar los trastornos del sue\u00f1o. Utiliza campos magn\u00e9ticos para modular la actividad cerebral y mejorar as\u00ed la calidad del sue\u00f1o.<\/p>\n<h2>Psicoterapia y tratamiento farmacol\u00f3gico<\/h2>\n<p>Dependiendo de la causa subyacente del trastorno del sue\u00f1o, en el Instituto Almas tambi\u00e9n puede estar indicada una psicoterapia o medicaci\u00f3n complementaria. En casos de alteraciones del sue\u00f1o causadas por trastornos de ansiedad o depresi\u00f3n, es importante tratar estas enfermedades mentales como una prioridad. Los trastornos del sue\u00f1o causados por enfermedades mentales generalmente mejoran espont\u00e1neamente cuando se trata la afecci\u00f3n subyacente.<\/p>\n<h2>Tratamiento en las consultas de Las Almas<\/h2>\n<p>Las consultas de Las Almas tambi\u00e9n ofrecen tratamientos especializados para los trastornos del sue\u00f1o. Aqu\u00ed se adopta un enfoque hol\u00edstico, teniendo en cuenta tanto los aspectos f\u00edsicos como los psicol\u00f3gicos. Las pr\u00e1cticas trabajan en estrecha colaboraci\u00f3n con el Instituto Almas para brindar a los pacientes la mejor atenci\u00f3n posible.<\/p>\n<h3>Planes de tratamiento individuales<\/h3>\n<p>En consultas Las Almas se crea un plan de tratamiento individual para cada paciente. Este plan se basa en los resultados del diagn\u00f3stico y las necesidades espec\u00edficas del paciente. El objetivo es mejorar de forma sostenible la calidad del sue\u00f1o y aumentar la calidad de vida de los pacientes.<\/p>\n<h3>Colaboraci\u00f3n interdisciplinaria<\/h3>\n<p>Las consultas de Las Almas se basan en la colaboraci\u00f3n interdisciplinaria para lograr los mejores resultados de tratamiento posibles. M\u00e9dicos, terapeutas y otros especialistas trabajan codo con codo para identificar las causas de los trastornos del sue\u00f1o y tratarlos espec\u00edficamente.<\/p>\n<h2>Conclusi\u00f3n<\/h2>\n<p>Los trastornos del sue\u00f1o son un problema grave que requiere un diagn\u00f3stico y tratamiento integral. El Instituto Almas y las pr\u00e1cticas Las Almas ofrecen tratamientos especializados adaptados a las necesidades individuales de los pacientes. Mediante el uso de diagn\u00f3sticos modernos y m\u00e9todos terap\u00e9uticos innovadores, se puede mejorar de forma sostenible la calidad del sue\u00f1o, conduciendo a una mayor calidad de vida.<\/p>","protected":false},"excerpt":{"rendered":"<p>Los trastornos del sue\u00f1o requieren un diagn\u00f3stico y una terapia espec\u00edficos. El Instituto Almas ofrece soluciones innovadoras para una mejor calidad del sue\u00f1o y un mayor bienestar.<\/p>","protected":false},"author":17,"featured_media":12392,"comment_status":"open","ping_status":"open","sticky":false,"template":"","format":"standard","meta":{"footnotes":""},"categories":[66,65],"tags":[],"class_list":["post-11124","post","type-post","status-publish","format-standard","has-post-thumbnail","hentry","category-krankheitsbilder","category-therapien"],"_links":{"self":[{"href":"https:\/\/www.lasalmasgroup.com\/es\/wp-json\/wp\/v2\/posts\/11124","targetHints":{"allow":["GET"]}}],"collection":[{"href":"https:\/\/www.lasalmasgroup.com\/es\/wp-json\/wp\/v2\/posts"}],"about":[{"href":"https:\/\/www.lasalmasgroup.com\/es\/wp-json\/wp\/v2\/types\/post"}],"author":[{"embeddable":true,"href":"https:\/\/www.lasalmasgroup.com\/es\/wp-json\/wp\/v2\/users\/17"}],"replies":[{"embeddable":true,"href":"https:\/\/www.lasalmasgroup.com\/es\/wp-json\/wp\/v2\/comments?post=11124"}],"version-history":[{"count":1,"href":"https:\/\/www.lasalmasgroup.com\/es\/wp-json\/wp\/v2\/posts\/11124\/revisions"}],"predecessor-version":[{"id":15059,"href":"https:\/\/www.lasalmasgroup.com\/es\/wp-json\/wp\/v2\/posts\/11124\/revisions\/15059"}],"wp:featuredmedia":[{"embeddable":true,"href":"https:\/\/www.lasalmasgroup.com\/es\/wp-json\/wp\/v2\/media\/12392"}],"wp:attachment":[{"href":"https:\/\/www.lasalmasgroup.com\/es\/wp-json\/wp\/v2\/media?parent=11124"}],"wp:term":[{"taxonomy":"category","embeddable":true,"href":"https:\/\/www.lasalmasgroup.com\/es\/wp-json\/wp\/v2\/categories?post=11124"},{"taxonomy":"post_tag","embeddable":true,"href":"https:\/\/www.lasalmasgroup.com\/es\/wp-json\/wp\/v2\/tags?post=11124"}],"curies":[{"name":"wp","href":"https:\/\/api.w.org\/{rel}","templated":true}]}}