{"id":13295,"date":"2025-06-12T16:39:06","date_gmt":"2025-06-12T14:39:06","guid":{"rendered":"https:\/\/www.lasalmasgroup.com\/?p=13295"},"modified":"2026-04-06T18:20:26","modified_gmt":"2026-04-06T16:20:26","slug":"post-long-covid","status":"publish","type":"post","link":"https:\/\/www.lasalmasgroup.com\/en\/post-long-covid\/","title":{"rendered":"Post- &amp; Long-COVID"},"content":{"rendered":"<p><strong>Post- &amp; Long-COVID: Holistic therapy approaches at Las Almas<\/strong><\/p>\n\n\n\n<p>The consequences of a COVID-19 infection can extend far beyond the acute illness. Many affected individuals suffer from so-called post- or long-COVID symptoms weeks or months after infection \u2013 often without a clear medical explanation or standardized treatment options.&nbsp;<strong>Las Almas<\/strong>&nbsp;We offer an innovative, interdisciplinary therapy concept that addresses both the physical and neuropsychological long-term consequences.<\/p>\n\n\n\n<hr class=\"wp-block-separator has-alpha-channel-opacity\"\/>\n\n\n\n<p><strong>What is Long-COVID \/ Post-COVID?<\/strong><\/p>\n\n\n\n<p><strong>Post-COVID<\/strong>&nbsp;describes symptoms that persist for more than four weeks after a COVID infection. If they persist for more than 12 weeks, they are referred to as&nbsp;<strong>Long COVID<\/strong>The symptoms are diverse and vary greatly from person to person, and frequently mentioned are:<\/p>\n\n\n\n<ul class=\"wp-block-list\">\n<li><strong>Chronic fatigue<\/strong><\/li>\n\n\n\n<li><strong>Memory and concentration problems (\u201cbrain fog\u201d)<\/strong><\/li>\n\n\n\n<li><strong>Shortness of breath, rapid heartbeat and sleep disorders<\/strong><\/li>\n\n\n\n<li><strong>Depressive moods, anxiety, lack of motivation<\/strong><\/li>\n\n\n\n<li><strong>Loss of smell and taste<\/strong><\/li>\n\n\n\n<li><strong>Neurological complaints and muscle weakness<\/strong><\/li>\n<\/ul>\n\n\n\n<hr class=\"wp-block-separator has-alpha-channel-opacity\"\/>\n\n\n\n<p><strong>The Las Almas therapy approach<\/strong><\/p>\n\n\n\n<p>Our treatment strategy is based on the principle of&nbsp;<strong>Hybrid Fast Therapy<\/strong>&nbsp;\u2013 a combination of modern neuroscience, evidence-based psychology, and regenerative technology. The following procedures are used in an individually tailored manner:<\/p>\n\n\n\n<hr class=\"wp-block-separator has-alpha-channel-opacity\"\/>\n\n\n\n<p><strong>1. Neurofeedback training (EEG-based)<\/strong><\/p>\n\n\n\n<p>Targeted neurofeedback improves the brain&#039;s self-regulation, promotes recovery, concentration, and emotional stability. This method can lead to significant progress, especially in cases of persistent mental exhaustion or cognitive impairment.<\/p>\n\n\n\n<hr class=\"wp-block-separator has-alpha-channel-opacity\"\/>\n\n\n\n<p><strong>2. rTMS (Repetitive Transcranial Magnetic Stimulation)<\/strong><\/p>\n\n\n\n<p>This non-invasive method uses magnetic pulses to specifically activate brain areas that may be impaired in long-COVID, such as areas related to attention, mood, and memory. rTMS is considered a promising approach for post-viral syndromes.<\/p>\n\n\n\n<hr class=\"wp-block-separator has-alpha-channel-opacity\"\/>\n\n\n\n<p><strong>3. Hypnagogic Light Experience (Lucia No. 3)<\/strong><\/p>\n\n\n\n<p>Our special light experience uses pulsating light pulses to create a deeply relaxed state that regulates the autonomic nervous system and activates the body&#039;s self-healing powers. Many patients report increased clarity, improved sleep, and emotional relief.<\/p>\n\n\n\n<hr class=\"wp-block-separator has-alpha-channel-opacity\"\/>\n\n\n\n<p><strong>4. Breathing &amp; regulation training (HRV biofeedback)<\/strong><\/p>\n\n\n\n<p>A trained cardiovascular system promotes stress resistance and inner balance. Through biofeedback, those affected learn to specifically stimulate their vagus nerve\u2014a key to recovery from chronic fatigue.<\/p>\n\n\n\n<hr class=\"wp-block-separator has-alpha-channel-opacity\"\/>\n\n\n\n<p><strong>5. Psychedelisch-assistierte Therapiee-assisted therapy&nbsp;<em>(optionally accompanied by a doctor)<\/em><\/strong><\/p>\n\n\n\n<p>In particularly severe cases of depression, listlessness or trauma, low-dose ketamine in combination with psychotherapeutic support can help to release blockages and accelerate the healing process.<\/p>\n\n\n\n<hr class=\"wp-block-separator has-alpha-channel-opacity\"\/>\n\n\n\n<p><strong>6. Sleep and activity analysis (ActTrust sleep laboratory watch)<\/strong><\/p>\n\n\n\n<p>Our portable sleep diagnostics enable precise analysis of sleep quality, circadian rhythm, and activity patterns\u2014important factors for recovery. The results flow directly into individualized therapy planning.<\/p>\n\n\n\n<hr class=\"wp-block-separator has-alpha-channel-opacity\"\/>\n\n\n\n<p><strong>Interdisciplinary. Individual. Evidence-based.<\/strong><\/p>\n\n\n\n<p>Every long COVID course is unique \u2013 that\u2019s why we offer&nbsp;<strong>personalized therapy planning<\/strong>&nbsp;Our team of psychologists, physicians, neurofeedback specialists, and trainers provides holistic support throughout the therapeutic process.<\/p>\n\n\n\n<hr class=\"wp-block-separator has-alpha-channel-opacity\"\/>\n\n\n\n<p><strong>First steps &amp; contact<\/strong><\/p>\n\n\n\n<p>Las Almas offers both outpatient programs and intensive short-term therapies at our institute locations. After a detailed medical history, we will work with you to develop your individualized treatment plan.<\/p>","protected":false},"excerpt":{"rendered":"<p>Post- &amp; Long-COVID: Ganzheitliche Therapieans\u00e4tze bei Las Almas Die Folgen einer COVID-19-Infektion k\u00f6nnen weit \u00fcber die akute Erkrankung hinausreichen. Viele Betroffene leiden Wochen oder Monate nach der Infektion unter sogenannten Post- oder Long-COVID-Symptomen \u2013 oft ohne klare medizinische Erkl\u00e4rung oder standardisierte Behandlungsm\u00f6glichkeiten. Bei&nbsp;Las Almas&nbsp;bieten wir ein innovatives, interdisziplin\u00e4res Therapiekonzept, das sowohl die k\u00f6rperlichen als auch [&hellip;]<\/p>\n","protected":false},"author":17,"featured_media":1383,"comment_status":"open","ping_status":"open","sticky":false,"template":"","format":"standard","meta":{"footnotes":""},"categories":[66,65],"tags":[],"class_list":["post-13295","post","type-post","status-publish","format-standard","has-post-thumbnail","hentry","category-krankheitsbilder","category-therapien"],"_links":{"self":[{"href":"https:\/\/www.lasalmasgroup.com\/en\/wp-json\/wp\/v2\/posts\/13295","targetHints":{"allow":["GET"]}}],"collection":[{"href":"https:\/\/www.lasalmasgroup.com\/en\/wp-json\/wp\/v2\/posts"}],"about":[{"href":"https:\/\/www.lasalmasgroup.com\/en\/wp-json\/wp\/v2\/types\/post"}],"author":[{"embeddable":true,"href":"https:\/\/www.lasalmasgroup.com\/en\/wp-json\/wp\/v2\/users\/17"}],"replies":[{"embeddable":true,"href":"https:\/\/www.lasalmasgroup.com\/en\/wp-json\/wp\/v2\/comments?post=13295"}],"version-history":[{"count":1,"href":"https:\/\/www.lasalmasgroup.com\/en\/wp-json\/wp\/v2\/posts\/13295\/revisions"}],"predecessor-version":[{"id":15038,"href":"https:\/\/www.lasalmasgroup.com\/en\/wp-json\/wp\/v2\/posts\/13295\/revisions\/15038"}],"wp:featuredmedia":[{"embeddable":true,"href":"https:\/\/www.lasalmasgroup.com\/en\/wp-json\/wp\/v2\/media\/1383"}],"wp:attachment":[{"href":"https:\/\/www.lasalmasgroup.com\/en\/wp-json\/wp\/v2\/media?parent=13295"}],"wp:term":[{"taxonomy":"category","embeddable":true,"href":"https:\/\/www.lasalmasgroup.com\/en\/wp-json\/wp\/v2\/categories?post=13295"},{"taxonomy":"post_tag","embeddable":true,"href":"https:\/\/www.lasalmasgroup.com\/en\/wp-json\/wp\/v2\/tags?post=13295"}],"curies":[{"name":"wp","href":"https:\/\/api.w.org\/{rel}","templated":true}]}}